{"id":881,"date":"2017-07-01T15:35:08","date_gmt":"2017-07-01T13:35:08","guid":{"rendered":"https:\/\/moto-essence.com\/?p=881"},"modified":"2017-07-01T15:37:18","modified_gmt":"2017-07-01T13:37:18","slug":"bmw-motorrad-days-garmisch-7-9-juli-die-praesentation","status":"publish","type":"post","link":"https:\/\/moto-essence.com\/en\/bmw-motorrad-days-garmisch-7-9-juli-die-praesentation\/","title":{"rendered":"BMW Motorrad Days Garmisch, 7.-9. Juli &#8211; Die Pr\u00e4sentation!"},"content":{"rendered":"<p>Die BMW Motorrad Days k\u00f6nnen kommen! Neben dem unlackierten Gitterrohrrahmen f\u00fcr die luft-\u00f6l-gek\u00fchlten Vierventil-Boxer haben wir noch a bisserl was f\u00fcr Euch vorbereitet. Momentan rattern alle R\u00e4der in Richtung Typpr\u00fcfung, damit wir das Schmuckst\u00fcck zeitnah mit T\u00dcV anbieten k\u00f6nnen.<\/p>\n<p>Freut Euch drauf und kommt vorbei: BMW Motorrad Days in Garmisch, 7.-9. Juli, Stand 68\/69.<\/p>\n\r\n<div class=\"ngg-galleryoverview\" id=\"ngg-gallery-35-881\">\r\n\r\n\t<!-- Slideshow link -->\r\n\t<div class=\"slideshowlink\">\r\n\t\t<a class=\"slideshowlink\" href=\"https:\/\/moto-essence.com\/en\/bmw-motorrad-days-garmisch-7-9-juli-die-praesentation\/?show=slide\">\r\n\t\t\t\t\t<\/a>\r\n\t<\/div>\r\n\r\n\t\r\n\t<!-- Thumbnails -->\r\n\t\t\r\n\t<div id=\"ngg-image-319\" class=\"ngg-gallery-thumbnail-box\" style=\"width:25%;\" >\r\n\t\t<div class=\"ngg-gallery-thumbnail\" >\r\n\t\t\t<a href=\"https:\/\/moto-essence.com\/wp-content\/gallery\/4v-rahmen_2\/v4_1.jpg\" title=\" \" class=\"shutterset_set_35\" >\r\n\t\t\t\t\t\t\t\t<img title=\"v4_1\" alt=\"v4_1\" src=\"https:\/\/moto-essence.com\/wp-content\/gallery\/4v-rahmen_2\/thumbs\/thumbs_v4_1.jpg\" width=\"200\" height=\"150\" \/>\r\n\t\t\t\t\t\t\t<\/a>\r\n\t\t<\/div>\r\n\t<\/div>\r\n\t\r\n\t\t\r\n \t\t\r\n\t<div id=\"ngg-image-320\" class=\"ngg-gallery-thumbnail-box\" style=\"width:25%;\" >\r\n\t\t<div class=\"ngg-gallery-thumbnail\" >\r\n\t\t\t<a href=\"https:\/\/moto-essence.com\/wp-content\/gallery\/4v-rahmen_2\/v4_2.jpg\" title=\" \" class=\"shutterset_set_35\" >\r\n\t\t\t\t\t\t\t\t<img title=\"v4_2\" alt=\"v4_2\" src=\"https:\/\/moto-essence.com\/wp-content\/gallery\/4v-rahmen_2\/thumbs\/thumbs_v4_2.jpg\" width=\"200\" height=\"150\" \/>\r\n\t\t\t\t\t\t\t<\/a>\r\n\t\t<\/div>\r\n\t<\/div>\r\n\t\r\n\t\t\r\n \t\t\r\n\t<div id=\"ngg-image-321\" class=\"ngg-gallery-thumbnail-box\" style=\"width:25%;\" >\r\n\t\t<div class=\"ngg-gallery-thumbnail\" >\r\n\t\t\t<a href=\"https:\/\/moto-essence.com\/wp-content\/gallery\/4v-rahmen_2\/v4_3.jpg\" title=\" \" class=\"shutterset_set_35\" >\r\n\t\t\t\t\t\t\t\t<img title=\"v4_3\" alt=\"v4_3\" src=\"https:\/\/moto-essence.com\/wp-content\/gallery\/4v-rahmen_2\/thumbs\/thumbs_v4_3.jpg\" width=\"200\" height=\"150\" \/>\r\n\t\t\t\t\t\t\t<\/a>\r\n\t\t<\/div>\r\n\t<\/div>\r\n\t\r\n\t\t\r\n \t\t\r\n\t<div id=\"ngg-image-322\" class=\"ngg-gallery-thumbnail-box\" style=\"width:25%;\" >\r\n\t\t<div class=\"ngg-gallery-thumbnail\" >\r\n\t\t\t<a href=\"https:\/\/moto-essence.com\/wp-content\/gallery\/4v-rahmen_2\/v4_4.jpg\" title=\" \" class=\"shutterset_set_35\" >\r\n\t\t\t\t\t\t\t\t<img title=\"v4_4\" alt=\"v4_4\" src=\"https:\/\/moto-essence.com\/wp-content\/gallery\/4v-rahmen_2\/thumbs\/thumbs_v4_4.jpg\" width=\"200\" height=\"150\" \/>\r\n\t\t\t\t\t\t\t<\/a>\r\n\t\t<\/div>\r\n\t<\/div>\r\n\t\r\n\t\t\t\t<br style=\"clear: both\" \/>\r\n\t\r\n \t \t\r\n\t<!-- Pagination -->\r\n \t<div class='ngg-clear'><\/div>\n \t\r\n<\/div>\r\n\r\n\n","protected":false},"excerpt":{"rendered":"<p>Die BMW Motorrad Days k\u00f6nnen kommen! Neben dem unlackierten Gitterrohrrahmen f\u00fcr die luft-\u00f6l-gek\u00fchlten Vierventil-Boxer haben wir noch a bisserl was f\u00fcr Euch vorbereitet. Momentan rattern alle R\u00e4der in Richtung Typpr\u00fcfung, damit wir das Schmuckst\u00fcck zeitnah mit T\u00dcV anbieten k\u00f6nnen. Freut Euch drauf und kommt vorbei: BMW Motorrad Days in Garmisch, 7.-9. Juli, Stand 68\/69.<\/p>\n","protected":false},"author":1,"featured_media":880,"comment_status":"closed","ping_status":"open","sticky":false,"template":"","format":"standard","meta":[],"categories":[5,14,24,12],"tags":[139,26,140,42,17,142,132,133,138,137,141],"_links":{"self":[{"href":"https:\/\/moto-essence.com\/en\/wp-json\/wp\/v2\/posts\/881"}],"collection":[{"href":"https:\/\/moto-essence.com\/en\/wp-json\/wp\/v2\/posts"}],"about":[{"href":"https:\/\/moto-essence.com\/en\/wp-json\/wp\/v2\/types\/post"}],"author":[{"embeddable":true,"href":"https:\/\/moto-essence.com\/en\/wp-json\/wp\/v2\/users\/1"}],"replies":[{"embeddable":true,"href":"https:\/\/moto-essence.com\/en\/wp-json\/wp\/v2\/comments?post=881"}],"version-history":[{"count":1,"href":"https:\/\/moto-essence.com\/en\/wp-json\/wp\/v2\/posts\/881\/revisions"}],"predecessor-version":[{"id":883,"href":"https:\/\/moto-essence.com\/en\/wp-json\/wp\/v2\/posts\/881\/revisions\/883"}],"wp:featuredmedia":[{"embeddable":true,"href":"https:\/\/moto-essence.com\/en\/wp-json\/wp\/v2\/media\/880"}],"wp:attachment":[{"href":"https:\/\/moto-essence.com\/en\/wp-json\/wp\/v2\/media?parent=881"}],"wp:term":[{"taxonomy":"category","embeddable":true,"href":"https:\/\/moto-essence.com\/en\/wp-json\/wp\/v2\/categories?post=881"},{"taxonomy":"post_tag","embeddable":true,"href":"https:\/\/moto-essence.com\/en\/wp-json\/wp\/v2\/tags?post=881"}],"curies":[{"name":"wp","href":"https:\/\/api.w.org\/{rel}","templated":true}]}}